{"id":180,"date":"2010-11-01T00:03:48","date_gmt":"2010-10-31T23:03:48","guid":{"rendered":"http:\/\/usvit.domkaliskova.sk\/?p=180"},"modified":"2026-01-03T22:59:10","modified_gmt":"2026-01-03T21:59:10","slug":"mravcozruti","status":"publish","type":"post","link":"https:\/\/usvit2010.domkaliskova.sk\/?p=180","title":{"rendered":"Mravco\u017er\u00fati"},"content":{"rendered":"<p>Mravco\u017er\u00fat. Asi m\u00e1lokto pozn\u00e1 toto austr\u00e1lske va\u010dkovit\u00e9 zviera, ktor\u00e9 celkom pekne vystihuje na\u0161u skupinu. Je to pomerne mal\u00fd, krotk\u00fd, obratn\u00fd cicavec, ktor\u00fd ob\u00fdva eukalyptov\u00e9 lesy. \u017div\u00ed sa najm\u00e4 mravcami a termitmi, ktor\u00e9 n\u00e1jde v rozkladaj\u00facich sa stromoch alebo p\u0148och na zemi v\u00a0lese.\u00a0 Stavbou tela a\u00a0najm\u00e4 dlh\u00fdm chvostom, m\u00f4\u017ee pripom\u00edna\u0165 \u00a0veveri\u010dku. Chceme, aby na\u0161a skupinka p\u00f4sobila podobne sympaticky, vyrovnane a akt\u00edvne.<\/p>\n<p>N\u00e1\u0161 t\u00edm tvoria \u0161iesti \u013eudia. Tri \u0161ikovn\u00e9 diev\u010dat\u00e1 \u2013 Veronika Pudi\u0161ov\u00e1, Zuzka Ro\u0161tekov\u00e1, Simonka Kubalov\u00e1 a\u00a0traja schopn\u00ed chlapci \u2013 Dominik Timko, Jakub Kubala, Filip Kubala. Ver\u00edm, \u017ee v\u00a0tomto zlo\u017een\u00ed vytvor\u00edme dobr\u00fa vesel\u00fa skupinku \ud83d\ude42<\/p>\n<p><a href=\"https:\/\/usvit2010.domkaliskova.sk\/wp-content\/uploads\/foto.jpg\"><img loading=\"lazy\" decoding=\"async\" class=\"alignnone wp-image-181 size-medium\" title=\"foto\" src=\"http:\/\/usvit2010.domkaliskova.sk\/wp-content\/uploads\/foto-300x160.jpg\" alt=\"\" width=\"300\" height=\"160\" srcset=\"https:\/\/usvit2010.domkaliskova.sk\/wp-content\/uploads\/foto-300x160.jpg 300w, https:\/\/usvit2010.domkaliskova.sk\/wp-content\/uploads\/foto-1024x549.jpg 1024w, https:\/\/usvit2010.domkaliskova.sk\/wp-content\/uploads\/foto.jpg 2044w\" sizes=\"auto, (max-width: 300px) 100vw, 300px\" \/><\/a><\/p>\n","protected":false},"excerpt":{"rendered":"<p>Mravco\u017er\u00fat. Asi m\u00e1lokto pozn\u00e1 toto austr\u00e1lske va\u010dkovit\u00e9 zviera, ktor\u00e9 celkom pekne vystihuje na\u0161u skupinu. Je to pomerne mal\u00fd, krotk\u00fd, obratn\u00fd cicavec, ktor\u00fd ob\u00fdva eukalyptov\u00e9 lesy. \u017div\u00ed sa najm\u00e4 mravcami a termitmi, ktor\u00e9 n\u00e1jde v rozkladaj\u00facich sa stromoch alebo p\u0148och na &hellip; <a href=\"https:\/\/usvit2010.domkaliskova.sk\/?p=180\">Pokra\u010dova\u0165 v \u010d\u00edtan\u00ed <span class=\"meta-nav\">&rarr;<\/span><\/a><\/p>\n","protected":false},"author":3,"featured_media":0,"comment_status":"open","ping_status":"open","sticky":false,"template":"","format":"standard","meta":[],"categories":[10],"tags":[],"class_list":["post-180","post","type-post","status-publish","format-standard","hentry","category-mravcozruti"],"_links":{"self":[{"href":"https:\/\/usvit2010.domkaliskova.sk\/index.php?rest_route=\/wp\/v2\/posts\/180","targetHints":{"allow":["GET"]}}],"collection":[{"href":"https:\/\/usvit2010.domkaliskova.sk\/index.php?rest_route=\/wp\/v2\/posts"}],"about":[{"href":"https:\/\/usvit2010.domkaliskova.sk\/index.php?rest_route=\/wp\/v2\/types\/post"}],"author":[{"embeddable":true,"href":"https:\/\/usvit2010.domkaliskova.sk\/index.php?rest_route=\/wp\/v2\/users\/3"}],"replies":[{"embeddable":true,"href":"https:\/\/usvit2010.domkaliskova.sk\/index.php?rest_route=%2Fwp%2Fv2%2Fcomments&post=180"}],"version-history":[{"count":10,"href":"https:\/\/usvit2010.domkaliskova.sk\/index.php?rest_route=\/wp\/v2\/posts\/180\/revisions"}],"predecessor-version":[{"id":1201,"href":"https:\/\/usvit2010.domkaliskova.sk\/index.php?rest_route=\/wp\/v2\/posts\/180\/revisions\/1201"}],"wp:attachment":[{"href":"https:\/\/usvit2010.domkaliskova.sk\/index.php?rest_route=%2Fwp%2Fv2%2Fmedia&parent=180"}],"wp:term":[{"taxonomy":"category","embeddable":true,"href":"https:\/\/usvit2010.domkaliskova.sk\/index.php?rest_route=%2Fwp%2Fv2%2Fcategories&post=180"},{"taxonomy":"post_tag","embeddable":true,"href":"https:\/\/usvit2010.domkaliskova.sk\/index.php?rest_route=%2Fwp%2Fv2%2Ftags&post=180"}],"curies":[{"name":"wp","href":"https:\/\/api.w.org\/{rel}","templated":true}]}}