{"id":299,"date":"2010-11-21T18:40:00","date_gmt":"2010-11-21T17:40:00","guid":{"rendered":"http:\/\/usvit.domkaliskova.sk\/?p=299"},"modified":"2026-01-03T22:52:50","modified_gmt":"2026-01-03T21:52:50","slug":"mravcozruti-ii-mn-zjazd-clenov-a-priaznivcov-spolku","status":"publish","type":"post","link":"https:\/\/usvit2010.domkaliskova.sk\/?p=299","title":{"rendered":"Mravco\u017er\u00fati \u2013 II.MN zjazd \u010dlenov a priaznivcov spolku"},"content":{"rendered":"<p style=\"text-align: justify;\">4. \u00faloha, 2. \u010das\u0165 \u2013 druh\u00fd ofici\u00e1lny organizovan\u00fd zjazd n\u00e1\u0161ho spolku sa konal 12. novembra tohto roku, vo ve\u010dern\u00fdch hodin\u00e1ch, v\u00a0priestoroch b\u00fdvalej cirkevnej \u0161koly. Vysok\u00e1 \u00fa\u010das\u0165 hovor\u00ed sama o\u00a0pozit\u00edvnom pr\u00edstupe \u010dlenov. Neform\u00e1lny za\u010diatok nabudil rodinn\u00fa atmosf\u00e9ru, ktor\u00e1 pokra\u010dovala aj potom ako sa programu ujalo vedenie. Po \u00favodn\u00fdch slov\u00e1ch sme si zhodnotili doteraj\u0161iu \u010dinnos\u0165 spolku. Nesmel\u00fd \u00favod \u2013 od zalo\u017eenia spolku, sl\u00fa\u017eil na uvedomenie si \u010dlenskej zodpovednosti. Ods\u00faden\u00edm kapitalistick\u00e9ho individualizmu sme pozdvihli silu sv\u00e4toplukovskej jednoty a\u00a0v\u00fdznam pr\u00e1ce ka\u017ed\u00e9ho \u010dlena pre spolo\u010dn\u00fd \u00faspech. Vedenie sa n\u00e1m sna\u017eilo vyt\u00fd\u010di\u0165 ciele, ktor\u00e9 neved\u00fa len plytko k\u00a0stupienku v\u00ed\u0165azov, ale zameriavaj\u00fa sa na cestu k\u00a0v\u00ed\u0165azstvu \u2013 po\u010das ktorej\u00a0 by mal ka\u017ed\u00fd \u010dlen podr\u00e1s\u0165 v\u00a0tak\u00fdch mor\u00e1lnych hodnot\u00e1ch ako je pracovitos\u0165, vytrvalos\u0165, spolupatri\u010dnos\u0165 a\u00a0\u010destnos\u0165! V\u00a0tomto duchu vznikol \u0161tvr\u0165ro\u010dn\u00fd pl\u00e1n spolku. Pl\u00e1n obsahuje samozrejme intern\u00e9 inform\u00e1cie, ktor\u00e9 nem\u00f4\u017eeme zverejni\u0165. N\u00e1vrh vedenia \u2013 na pravidelnos\u0165 zjazdov, bol prijat\u00fd ve\u013emi pozit\u00edvne, ke\u010f\u017ee \u010dlenovia c\u00edtia sami potrebu stret\u00e1va\u0165 sa. Po tom, ako sa prebrali organiza\u010dn\u00e9 z\u00e1le\u017eitosti sme sa zahrali \u201ezoo\u201c, ak to niekto pozn\u00e1, vrelo odpor\u00fa\u010dam! V\u00e4\u010d\u0161ina po\u010das hry plakala od smiechu:-)<\/p>\n<p style=\"text-align: justify;\">Ako \u010dlen vedenia chcem touto cestou po\u010fakova\u0165 \u010dlenom spolku za ich loj\u00e1lnos\u0165 a snahu. Povzbudzujem V\u00e1s k\u00a0\u010fal\u0161ej svedomitej pr\u00e1ci.\u00a0 Vern\u00ed sebe, Svorne napred!<\/p>\n<p style=\"text-align: justify;\">[* autor \u010dl\u00e1nku pou\u017eil tematicky prvky nemenovan\u00e9ho ideologick\u00e9ho smeru, s\u00a0ktor\u00fdm sa n\u00e1zorovo plne nestoto\u017e\u0148uje]<\/p>\n<p style=\"text-align: justify;\"><a href=\"http:\/\/usvit2010.domkaliskova.sk\/wp-content\/uploads\/01.jpg\"><img loading=\"lazy\" decoding=\"async\" class=\"alignnone size-full wp-image-1190\" src=\"http:\/\/usvit2010.domkaliskova.sk\/wp-content\/uploads\/01.jpg\" alt=\"\" width=\"830\" height=\"620\" srcset=\"https:\/\/usvit2010.domkaliskova.sk\/wp-content\/uploads\/01.jpg 830w, https:\/\/usvit2010.domkaliskova.sk\/wp-content\/uploads\/01-300x224.jpg 300w, https:\/\/usvit2010.domkaliskova.sk\/wp-content\/uploads\/01-768x574.jpg 768w\" sizes=\"auto, (max-width: 830px) 100vw, 830px\" \/><\/a> <a href=\"http:\/\/usvit2010.domkaliskova.sk\/wp-content\/uploads\/02.jpg\"><img loading=\"lazy\" decoding=\"async\" class=\"alignnone size-full wp-image-1191\" src=\"http:\/\/usvit2010.domkaliskova.sk\/wp-content\/uploads\/02.jpg\" alt=\"\" width=\"700\" height=\"518\" srcset=\"https:\/\/usvit2010.domkaliskova.sk\/wp-content\/uploads\/02.jpg 700w, https:\/\/usvit2010.domkaliskova.sk\/wp-content\/uploads\/02-300x222.jpg 300w\" sizes=\"auto, (max-width: 700px) 100vw, 700px\" \/><\/a><\/p>\n","protected":false},"excerpt":{"rendered":"<p>4. \u00faloha, 2. \u010das\u0165 \u2013 druh\u00fd ofici\u00e1lny organizovan\u00fd zjazd n\u00e1\u0161ho spolku sa konal 12. novembra tohto roku, vo ve\u010dern\u00fdch hodin\u00e1ch, v\u00a0priestoroch b\u00fdvalej cirkevnej \u0161koly. Vysok\u00e1 \u00fa\u010das\u0165 hovor\u00ed sama o\u00a0pozit\u00edvnom pr\u00edstupe \u010dlenov. Neform\u00e1lny za\u010diatok nabudil rodinn\u00fa atmosf\u00e9ru, ktor\u00e1 pokra\u010dovala aj potom &hellip; <a href=\"https:\/\/usvit2010.domkaliskova.sk\/?p=299\">Pokra\u010dova\u0165 v \u010d\u00edtan\u00ed <span class=\"meta-nav\">&rarr;<\/span><\/a><\/p>\n","protected":false},"author":3,"featured_media":0,"comment_status":"open","ping_status":"open","sticky":false,"template":"","format":"standard","meta":[],"categories":[10],"tags":[],"class_list":["post-299","post","type-post","status-publish","format-standard","hentry","category-mravcozruti"],"_links":{"self":[{"href":"https:\/\/usvit2010.domkaliskova.sk\/index.php?rest_route=\/wp\/v2\/posts\/299","targetHints":{"allow":["GET"]}}],"collection":[{"href":"https:\/\/usvit2010.domkaliskova.sk\/index.php?rest_route=\/wp\/v2\/posts"}],"about":[{"href":"https:\/\/usvit2010.domkaliskova.sk\/index.php?rest_route=\/wp\/v2\/types\/post"}],"author":[{"embeddable":true,"href":"https:\/\/usvit2010.domkaliskova.sk\/index.php?rest_route=\/wp\/v2\/users\/3"}],"replies":[{"embeddable":true,"href":"https:\/\/usvit2010.domkaliskova.sk\/index.php?rest_route=%2Fwp%2Fv2%2Fcomments&post=299"}],"version-history":[{"count":11,"href":"https:\/\/usvit2010.domkaliskova.sk\/index.php?rest_route=\/wp\/v2\/posts\/299\/revisions"}],"predecessor-version":[{"id":1192,"href":"https:\/\/usvit2010.domkaliskova.sk\/index.php?rest_route=\/wp\/v2\/posts\/299\/revisions\/1192"}],"wp:attachment":[{"href":"https:\/\/usvit2010.domkaliskova.sk\/index.php?rest_route=%2Fwp%2Fv2%2Fmedia&parent=299"}],"wp:term":[{"taxonomy":"category","embeddable":true,"href":"https:\/\/usvit2010.domkaliskova.sk\/index.php?rest_route=%2Fwp%2Fv2%2Fcategories&post=299"},{"taxonomy":"post_tag","embeddable":true,"href":"https:\/\/usvit2010.domkaliskova.sk\/index.php?rest_route=%2Fwp%2Fv2%2Ftags&post=299"}],"curies":[{"name":"wp","href":"https:\/\/api.w.org\/{rel}","templated":true}]}}